{"id":833,"date":"2015-10-14T14:14:20","date_gmt":"2015-10-14T14:14:20","guid":{"rendered":"https:\/\/julianaburigo.com.br\/blog\/?p=833"},"modified":"2015-10-14T14:14:20","modified_gmt":"2015-10-14T14:14:20","slug":"alteracoes-auditivas-apos-a-cirurgia-ortognatica","status":"publish","type":"post","link":"https:\/\/julianaburigo.com.br\/blog\/alteracoes-auditivas-apos-a-cirurgia-ortognatica\/","title":{"rendered":"Altera\u00e7\u00f5es Auditivas ap\u00f3s a Cirurgia Ortogn\u00e1tica"},"content":{"rendered":"<p style=\"text-align: center;\"><img loading=\"lazy\" decoding=\"async\" class=\"aligncenter  wp-image-834\" alt=\"13_post_alteracoes-auditivas\" src=\"https:\/\/julianaburigo.com.br\/blog\/wp-content\/uploads\/2015\/10\/13_post_alteracoes-auditivas.png\" width=\"504\" height=\"504\" srcset=\"https:\/\/julianaburigo.com.br\/blog\/wp-content\/uploads\/2015\/10\/13_post_alteracoes-auditivas.png 840w, https:\/\/julianaburigo.com.br\/blog\/wp-content\/uploads\/2015\/10\/13_post_alteracoes-auditivas-150x150.png 150w, https:\/\/julianaburigo.com.br\/blog\/wp-content\/uploads\/2015\/10\/13_post_alteracoes-auditivas-300x300.png 300w, https:\/\/julianaburigo.com.br\/blog\/wp-content\/uploads\/2015\/10\/13_post_alteracoes-auditivas-62x62.png 62w\" sizes=\"auto, (max-width: 504px) 100vw, 504px\" \/><\/p>\n<p style=\"text-align: center;\">\n<p>Os dist\u00farbios tempor\u00e1rios de audi\u00e7\u00e3o e a press\u00e3o no ouvido m\u00e9dio ap\u00f3s a osteotomia de Le Fort I \u2013 osteotomia padr\u00e3o na cirurgia ortogn\u00e1tica no osso maxilar -, foram avaliados por pesquisadores do Departamento de Cirurgia Oral e Maxilofacial das Universidades de Ankara e Istambul, na Turquia.<\/p>\n<p>A dura\u00e7\u00e3o dos dist\u00farbios, todos classificados como dist\u00farbios leves ou moderados, deu-se de tr\u00eas a oito semanas no p\u00f3s-operat\u00f3rio, sendo que na 12\u00aa semana, nenhum dist\u00farbio foi encontrado.<\/p>\n<p>Estas altera\u00e7\u00f5es auditivas ocorrem porque os m\u00fasculos elevadores e tensores do v\u00e9u palatino se inserem no palato duro, portanto, com o movimento de avan\u00e7o maxilar e com a presen\u00e7a do edema p\u00f3s-operat\u00f3rio, as fun\u00e7\u00f5es da tuba auditiva (tubo de Eust\u00e1quio) podem ser temporariamente alteradas.<\/p>\n<div>\n<p>\u00a0\u00a0\u00a0\u00a0\u00a0\u00a0\u00a0\u00a0\u00a0\u00a0\u00a0 Assim como o edema, sintomas como a parestesia, a dificuldade em abrir a boca, a dificuldade de degluti\u00e7\u00e3o, a dificuldade de fona\u00e7\u00e3o, a altera\u00e7\u00e3o na sensibilidade auditiva e a press\u00e3o no ouvido m\u00e9dio, s\u00e3o dist\u00farbios tempor\u00e1rios que ocorrem no p\u00f3s-operat\u00f3rio da cirurgia ortogn\u00e1tica e, assim como os outros dist\u00farbios, s\u00e3o normalizados ao longo dos primeiros meses do p\u00f3s-operat\u00f3rio.<\/p>\n<\/div>\n","protected":false},"excerpt":{"rendered":"<p>Os dist\u00farbios tempor\u00e1rios de audi\u00e7\u00e3o e a press\u00e3o no ouvido m\u00e9dio ap\u00f3s a osteotomia de Le Fort I \u2013 osteotomia padr\u00e3o na cirurgia ortogn\u00e1tica no osso maxilar -, foram avaliados por pesquisadores do Departamento de Cirurgia Oral e Maxilofacial das Universidades de Ankara e Istambul, na Turquia. A dura\u00e7\u00e3o dos dist\u00farbios, todos classificados como dist\u00farbios [&hellip;]<\/p>\n","protected":false},"author":1,"featured_media":834,"comment_status":"open","ping_status":"open","sticky":false,"template":"","format":"standard","meta":{"footnotes":""},"categories":[9],"tags":[72,211,212,73,142,100,18],"class_list":["post-833","post","type-post","status-publish","format-standard","has-post-thumbnail","hentry","category-cirurgia-ortognatica","tag-cirurgia-bucomaxilofacial","tag-cirurgia-ortognatica","tag-implantes","tag-ortodontia","tag-padrao-de-face","tag-procedimentos-cirurgicos","tag-saude-bucal"],"_links":{"self":[{"href":"https:\/\/julianaburigo.com.br\/blog\/wp-json\/wp\/v2\/posts\/833","targetHints":{"allow":["GET"]}}],"collection":[{"href":"https:\/\/julianaburigo.com.br\/blog\/wp-json\/wp\/v2\/posts"}],"about":[{"href":"https:\/\/julianaburigo.com.br\/blog\/wp-json\/wp\/v2\/types\/post"}],"author":[{"embeddable":true,"href":"https:\/\/julianaburigo.com.br\/blog\/wp-json\/wp\/v2\/users\/1"}],"replies":[{"embeddable":true,"href":"https:\/\/julianaburigo.com.br\/blog\/wp-json\/wp\/v2\/comments?post=833"}],"version-history":[{"count":2,"href":"https:\/\/julianaburigo.com.br\/blog\/wp-json\/wp\/v2\/posts\/833\/revisions"}],"predecessor-version":[{"id":836,"href":"https:\/\/julianaburigo.com.br\/blog\/wp-json\/wp\/v2\/posts\/833\/revisions\/836"}],"wp:featuredmedia":[{"embeddable":true,"href":"https:\/\/julianaburigo.com.br\/blog\/wp-json\/wp\/v2\/media\/834"}],"wp:attachment":[{"href":"https:\/\/julianaburigo.com.br\/blog\/wp-json\/wp\/v2\/media?parent=833"}],"wp:term":[{"taxonomy":"category","embeddable":true,"href":"https:\/\/julianaburigo.com.br\/blog\/wp-json\/wp\/v2\/categories?post=833"},{"taxonomy":"post_tag","embeddable":true,"href":"https:\/\/julianaburigo.com.br\/blog\/wp-json\/wp\/v2\/tags?post=833"}],"curies":[{"name":"wp","href":"https:\/\/api.w.org\/{rel}","templated":true}]}}