{"id":385,"date":"2013-08-06T18:00:03","date_gmt":"2013-08-06T18:00:03","guid":{"rendered":"https:\/\/julianaburigo.com.br\/blog\/?p=385"},"modified":"2022-04-17T15:44:16","modified_gmt":"2022-04-17T18:44:16","slug":"quando-o-padrao-ii-dois-de-face-necessita-de-cirurgia-ortognatica","status":"publish","type":"post","link":"https:\/\/julianaburigo.com.br\/blog\/quando-o-padrao-ii-dois-de-face-necessita-de-cirurgia-ortognatica\/","title":{"rendered":"Quando o padr\u00e3o II (dois) de face necessita de cirurgia ortogn\u00e1tica?"},"content":{"rendered":"<p style=\"text-align: center;\"><a href=\"https:\/\/julianaburigo.com.br\/blog\/wp-content\/uploads\/2013\/08\/padrao-2.jpg\"><img loading=\"lazy\" decoding=\"async\" class=\"alignnone size-medium wp-image-1793\" src=\"https:\/\/julianaburigo.com.br\/blog\/wp-content\/uploads\/2013\/08\/padrao-2-300x300.jpg\" alt=\"\" width=\"300\" height=\"300\" srcset=\"https:\/\/julianaburigo.com.br\/blog\/wp-content\/uploads\/2013\/08\/padrao-2-300x300.jpg 300w, https:\/\/julianaburigo.com.br\/blog\/wp-content\/uploads\/2013\/08\/padrao-2-150x150.jpg 150w, https:\/\/julianaburigo.com.br\/blog\/wp-content\/uploads\/2013\/08\/padrao-2-60x60.jpg 60w, https:\/\/julianaburigo.com.br\/blog\/wp-content\/uploads\/2013\/08\/padrao-2.jpg 563w\" sizes=\"auto, (max-width: 300px) 100vw, 300px\" \/><\/a><\/p>\n<p>O paciente padr\u00e3o II de face \u00e9 aquele que possui uma<a href=\"http:\/\/www.julianaburigo.com.br\/procedimentos\/cirurgia\/cirurgia-para-salientar-contorno-mandibular.html\" target=\"_blank\" rel=\"noopener\"><strong> defici\u00eancia mandibular<\/strong><\/a>, ou seja, sua mand\u00edbula encontra-se para tr\u00e1s (retru\u00edda).<\/p>\n<p>Algumas caracter\u00edsticas de face destes pacientes s\u00e3o:<\/p>\n<ul>\n<li>Queixo duplo (papada);<\/li>\n<li>Sulco mento labial profundo;<\/li>\n<li>L\u00e1bio inferior virado para fora (evertido);<\/li>\n<li>Linha que vai do queixo at\u00e9 o pesco\u00e7o \u00e9 curta ou inexistente;<\/li>\n<li>\u00c2ngulo formado pela linha entre o queixo e o pesco\u00e7o \u00e9 aberto;<\/li>\n<li>Dentes mandibulares situam-se muito atr\u00e1s em rela\u00e7\u00e3o aos dentes maxilares;<\/li>\n<li>Pode ter uma apar\u00eancia de \u201cdentu\u00e7o\u201d, por\u00e9m, esta caracter\u00edstica \u00e9 salientada pela defici\u00eancia da mand\u00edbula.<\/li>\n<\/ul>\n<p>Os pacientes que possuem uma face padr\u00e3o II DESAGRAD\u00c1VEL ou que possuem uma m\u00e1 oclus\u00e3o (mordida) que n\u00e3o pode ser tratada e\/ou disfar\u00e7ada somente com aparelho ortod\u00f4ntico <b>S\u00c3O OS QUE POSSUEM A INDICA\u00c7\u00c3O DE UMA CIRURGIA ORTOGN\u00c1TICA PARA O AVAN\u00c7O DA MAND\u00cdBULA.<\/b><\/p>\n<p>Post escrito baseado nos livros do Prof. Dr. Leopoldino Capelozza Filho: Diagn\u00f3stico em Ortodontia e MIT (Metas Terap\u00eauticas Individualizadas, vls. 1 e 2), ambos da Dental Press Editora. Ano 2004 e 2011.<\/p>\n","protected":false},"excerpt":{"rendered":"<p>O paciente padr\u00e3o II de face \u00e9 aquele que possui uma defici\u00eancia mandibular, ou seja, sua mand\u00edbula encontra-se para tr\u00e1s (retru\u00edda). Algumas caracter\u00edsticas de face destes pacientes s\u00e3o: Queixo duplo (papada); Sulco mento labial profundo; L\u00e1bio inferior virado para fora (evertido); Linha que vai do queixo at\u00e9 o pesco\u00e7o \u00e9 curta ou inexistente; \u00c2ngulo formado [&hellip;]<\/p>\n","protected":false},"author":1,"featured_media":1793,"comment_status":"open","ping_status":"open","sticky":false,"template":"","format":"standard","meta":{"footnotes":""},"categories":[9],"tags":[211,74],"class_list":["post-385","post","type-post","status-publish","format-standard","has-post-thumbnail","hentry","category-cirurgia-ortognatica","tag-cirurgia-ortognatica","tag-deficiencia-mandibular"],"_links":{"self":[{"href":"https:\/\/julianaburigo.com.br\/blog\/wp-json\/wp\/v2\/posts\/385","targetHints":{"allow":["GET"]}}],"collection":[{"href":"https:\/\/julianaburigo.com.br\/blog\/wp-json\/wp\/v2\/posts"}],"about":[{"href":"https:\/\/julianaburigo.com.br\/blog\/wp-json\/wp\/v2\/types\/post"}],"author":[{"embeddable":true,"href":"https:\/\/julianaburigo.com.br\/blog\/wp-json\/wp\/v2\/users\/1"}],"replies":[{"embeddable":true,"href":"https:\/\/julianaburigo.com.br\/blog\/wp-json\/wp\/v2\/comments?post=385"}],"version-history":[{"count":7,"href":"https:\/\/julianaburigo.com.br\/blog\/wp-json\/wp\/v2\/posts\/385\/revisions"}],"predecessor-version":[{"id":1794,"href":"https:\/\/julianaburigo.com.br\/blog\/wp-json\/wp\/v2\/posts\/385\/revisions\/1794"}],"wp:featuredmedia":[{"embeddable":true,"href":"https:\/\/julianaburigo.com.br\/blog\/wp-json\/wp\/v2\/media\/1793"}],"wp:attachment":[{"href":"https:\/\/julianaburigo.com.br\/blog\/wp-json\/wp\/v2\/media?parent=385"}],"wp:term":[{"taxonomy":"category","embeddable":true,"href":"https:\/\/julianaburigo.com.br\/blog\/wp-json\/wp\/v2\/categories?post=385"},{"taxonomy":"post_tag","embeddable":true,"href":"https:\/\/julianaburigo.com.br\/blog\/wp-json\/wp\/v2\/tags?post=385"}],"curies":[{"name":"wp","href":"https:\/\/api.w.org\/{rel}","templated":true}]}}