{"id":1656,"date":"2021-11-03T19:01:58","date_gmt":"2021-11-03T22:01:58","guid":{"rendered":"https:\/\/julianaburigo.com.br\/blog\/?p=1656"},"modified":"2021-11-04T15:13:47","modified_gmt":"2021-11-04T18:13:47","slug":"conhece-os-padroes-de-face-dos-compositores-mais-famosos-da-musica-classica","status":"publish","type":"post","link":"https:\/\/julianaburigo.com.br\/blog\/conhece-os-padroes-de-face-dos-compositores-mais-famosos-da-musica-classica\/","title":{"rendered":"Conhe\u00e7a os padr\u00f5es de face dos compositores mais famosos da m\u00fasica cl\u00e1ssica!"},"content":{"rendered":"<p><img loading=\"lazy\" decoding=\"async\" class=\"size-full wp-image-1666\" src=\"https:\/\/julianaburigo.com.br\/blog\/wp-content\/uploads\/2021\/11\/padrao_face_compositores.jpg\" alt=\"\" width=\"1000\" height=\"800\" srcset=\"https:\/\/julianaburigo.com.br\/blog\/wp-content\/uploads\/2021\/11\/padrao_face_compositores.jpg 1000w, https:\/\/julianaburigo.com.br\/blog\/wp-content\/uploads\/2021\/11\/padrao_face_compositores-300x240.jpg 300w, https:\/\/julianaburigo.com.br\/blog\/wp-content\/uploads\/2021\/11\/padrao_face_compositores-768x614.jpg 768w\" sizes=\"auto, (max-width: 1000px) 100vw, 1000px\" \/><\/p>\n<p>&nbsp;<\/p>\n<p><span style=\"font-weight: 400;\">\u00a0 \u00a0 O <\/span><strong>padr\u00e3o de face<\/strong><span style=\"font-weight: 400;\"> \u00e9 uma classifica\u00e7\u00e3o criada na odontologia para definir os <\/span><strong>tipos de face<\/strong><span style=\"font-weight: 400;\"> existentes, sendo eles:\u00a0<\/span><\/p>\n<p><span style=\"font-weight: 400;\">1) <\/span><a href=\"https:\/\/julianaburigo.com.br\/blog\/padrao-i-de-face\/\"><span style=\"font-weight: 400;\">Face padr\u00e3o um (padr\u00e3o I)<\/span><\/a><span style=\"font-weight: 400;\">;<\/span><\/p>\n<p><span style=\"font-weight: 400;\">2) <\/span><a href=\"https:\/\/julianaburigo.com.br\/blog\/dom-pedro-ii-faces-da-historia-do-brasil\/\"><span style=\"font-weight: 400;\">Face padr\u00e3o dois (padr\u00e3o II)<\/span><\/a><span style=\"font-weight: 400;\">;<\/span><\/p>\n<p><span style=\"font-weight: 400;\">3) <\/span><a href=\"https:\/\/julianaburigo.com.br\/blog\/padrao-iii-de-face-os-incriveis\/\"><span style=\"font-weight: 400;\">Face padr\u00e3o tr\u00eas (padr\u00e3o III)<\/span><\/a><span style=\"font-weight: 400;\">;<\/span><\/p>\n<p><span style=\"font-weight: 400;\">4) <\/span><a href=\"https:\/\/julianaburigo.com.br\/blog\/quando-o-padrao-face-longa-necessita-de-cirurgia-ortognatica\/\"><span style=\"font-weight: 400;\">Face padr\u00e3o longa (face longa)<\/span><\/a><span style=\"font-weight: 400;\">;<\/span><\/p>\n<p><span style=\"font-weight: 400;\">5) <\/span><a href=\"https:\/\/julianaburigo.com.br\/blog\/619\/\"><span style=\"font-weight: 400;\">Face padr\u00e3o curta (face curta)<\/span><\/a><span style=\"font-weight: 400;\">.<\/span><\/p>\n<p>&nbsp;<\/p>\n<p><span style=\"font-weight: 400;\">\u00a0 \u00a0 Entre os <\/span><strong>padr\u00f5es de face<\/strong><span style=\"font-weight: 400;\">, o I \u00e9 o que consideramos mais equilibrado e sim\u00e9trico, j\u00e1 os demais apresentam crescimento irregular dos ossos da face, precisando em alguns casos de interven\u00e7\u00e3o cir\u00fargica para corre\u00e7\u00e3o.<\/span><\/p>\n<p>&nbsp;<\/p>\n<p><span style=\"font-weight: 400;\">\u00a0 \u00a0 Cada padr\u00e3o possui suas caracter\u00edsticas pr\u00f3prias de posicionamento de tecidos moles (sulcos, l\u00e1bios, contorno facial), de posicionamento de tecido \u00f3sseo (altera\u00e7\u00f5es de posicionamento do osso maxilar e mandibular no sentido vertical e horizontal) e de posicionamento dos dentes da arcada superior (maxilar) e inferior (mandibular).<\/span><\/p>\n<p>&nbsp;<\/p>\n<p><span style=\"font-weight: 400;\">\u00a0 \u00a0 Estes padr\u00f5es criados pela odontologia servem para diagnosticar corretamente cada formato esquel\u00e9tico da face, facilitando a defini\u00e7\u00e3o e orienta\u00e7\u00e3o do paciente no melhor caminho da corre\u00e7\u00e3o e tratamento para a sua caracter\u00edstica dento-esquel\u00e9tica.<\/span><\/p>\n<p>&nbsp;<\/p>\n<p><span style=\"font-weight: 400;\">\u00a0 \u00a0 Confira a seguir os <\/span><strong>padr\u00f5es de face<\/strong><span style=\"font-weight: 400;\"> dos compositores mais famosos da m\u00fasica cl\u00e1ssica mundial!<\/span><\/p>\n<p>&nbsp;<\/p>\n<h2><span style=\"font-weight: 400;\">1) Wolfgang Amadeus Mozart = padr\u00e3o III<\/span><\/h2>\n<p><img loading=\"lazy\" decoding=\"async\" class=\"aligncenter size-full wp-image-1679\" src=\"https:\/\/julianaburigo.com.br\/blog\/wp-content\/uploads\/2021\/11\/mozart-1.jpg\" alt=\"\" width=\"1000\" height=\"800\" srcset=\"https:\/\/julianaburigo.com.br\/blog\/wp-content\/uploads\/2021\/11\/mozart-1.jpg 1000w, https:\/\/julianaburigo.com.br\/blog\/wp-content\/uploads\/2021\/11\/mozart-1-300x240.jpg 300w, https:\/\/julianaburigo.com.br\/blog\/wp-content\/uploads\/2021\/11\/mozart-1-768x614.jpg 768w\" sizes=\"auto, (max-width: 1000px) 100vw, 1000px\" \/><\/p>\n<p>&nbsp;<\/p>\n<h2><span style=\"font-weight: 400;\">2) Johann Sebastian Bach = padr\u00e3o I<\/span><\/h2>\n<p><img loading=\"lazy\" decoding=\"async\" class=\"aligncenter size-large wp-image-1658\" src=\"https:\/\/julianaburigo.com.br\/blog\/wp-content\/uploads\/2021\/11\/sebastian_bach-1024x738.jpg\" alt=\"\" width=\"1024\" height=\"738\" srcset=\"https:\/\/julianaburigo.com.br\/blog\/wp-content\/uploads\/2021\/11\/sebastian_bach-1024x738.jpg 1024w, https:\/\/julianaburigo.com.br\/blog\/wp-content\/uploads\/2021\/11\/sebastian_bach-300x216.jpg 300w, https:\/\/julianaburigo.com.br\/blog\/wp-content\/uploads\/2021\/11\/sebastian_bach-768x554.jpg 768w, https:\/\/julianaburigo.com.br\/blog\/wp-content\/uploads\/2021\/11\/sebastian_bach.jpg 1200w\" sizes=\"auto, (max-width: 1024px) 100vw, 1024px\" \/><\/p>\n<p>&nbsp;<\/p>\n<h2><span style=\"font-weight: 400;\">3) Antonio Lucio Vivaldi = face curta<\/span><\/h2>\n<p><img loading=\"lazy\" decoding=\"async\" class=\"aligncenter size-full wp-image-1659\" src=\"https:\/\/julianaburigo.com.br\/blog\/wp-content\/uploads\/2021\/11\/vivaldi.jpg\" alt=\"\" width=\"795\" height=\"447\" srcset=\"https:\/\/julianaburigo.com.br\/blog\/wp-content\/uploads\/2021\/11\/vivaldi.jpg 795w, https:\/\/julianaburigo.com.br\/blog\/wp-content\/uploads\/2021\/11\/vivaldi-300x169.jpg 300w, https:\/\/julianaburigo.com.br\/blog\/wp-content\/uploads\/2021\/11\/vivaldi-768x432.jpg 768w\" sizes=\"auto, (max-width: 795px) 100vw, 795px\" \/><\/p>\n<p>&nbsp;<\/p>\n<h2><span style=\"font-weight: 400;\">4) Fr\u00e9d\u00e9ric Chopin = padr\u00e3o I<\/span><\/h2>\n<p><img loading=\"lazy\" decoding=\"async\" class=\"aligncenter size-full wp-image-1660\" src=\"https:\/\/julianaburigo.com.br\/blog\/wp-content\/uploads\/2021\/11\/chopin.jpeg\" alt=\"\" width=\"418\" height=\"600\" srcset=\"https:\/\/julianaburigo.com.br\/blog\/wp-content\/uploads\/2021\/11\/chopin.jpeg 418w, https:\/\/julianaburigo.com.br\/blog\/wp-content\/uploads\/2021\/11\/chopin-209x300.jpeg 209w\" sizes=\"auto, (max-width: 418px) 100vw, 418px\" \/><\/p>\n<p>&nbsp;<\/p>\n<h2><span style=\"font-weight: 400;\">5) Johannes Brahms = padr\u00e3o I<\/span><\/h2>\n<p><img loading=\"lazy\" decoding=\"async\" class=\"aligncenter size-large wp-image-1661\" src=\"https:\/\/julianaburigo.com.br\/blog\/wp-content\/uploads\/2021\/11\/brahms-744x1024.jpg\" alt=\"\" width=\"744\" height=\"1024\" srcset=\"https:\/\/julianaburigo.com.br\/blog\/wp-content\/uploads\/2021\/11\/brahms-744x1024.jpg 744w, https:\/\/julianaburigo.com.br\/blog\/wp-content\/uploads\/2021\/11\/brahms-218x300.jpg 218w, https:\/\/julianaburigo.com.br\/blog\/wp-content\/uploads\/2021\/11\/brahms-768x1057.jpg 768w, https:\/\/julianaburigo.com.br\/blog\/wp-content\/uploads\/2021\/11\/brahms.jpg 1000w\" sizes=\"auto, (max-width: 744px) 100vw, 744px\" \/><\/p>\n<p>&nbsp;<\/p>\n<h2><span style=\"font-weight: 400;\">6) Ludwig Van Beethoven = face curta<\/span><\/h2>\n<p><img loading=\"lazy\" decoding=\"async\" class=\"aligncenter size-full wp-image-1662\" src=\"https:\/\/julianaburigo.com.br\/blog\/wp-content\/uploads\/2021\/11\/beethoven.jpg\" alt=\"\" width=\"1000\" height=\"800\" srcset=\"https:\/\/julianaburigo.com.br\/blog\/wp-content\/uploads\/2021\/11\/beethoven.jpg 1000w, https:\/\/julianaburigo.com.br\/blog\/wp-content\/uploads\/2021\/11\/beethoven-300x240.jpg 300w, https:\/\/julianaburigo.com.br\/blog\/wp-content\/uploads\/2021\/11\/beethoven-768x614.jpg 768w\" sizes=\"auto, (max-width: 1000px) 100vw, 1000px\" \/><\/p>\n<p>&nbsp;<\/p>\n<h2><span style=\"font-weight: 400;\">7) Heitor Villa Lobos = face longa<\/span><\/h2>\n<p><img loading=\"lazy\" decoding=\"async\" class=\"aligncenter size-full wp-image-1663\" src=\"https:\/\/julianaburigo.com.br\/blog\/wp-content\/uploads\/2021\/11\/vila_lobos.jpg\" alt=\"\" width=\"1000\" height=\"800\" srcset=\"https:\/\/julianaburigo.com.br\/blog\/wp-content\/uploads\/2021\/11\/vila_lobos.jpg 1000w, https:\/\/julianaburigo.com.br\/blog\/wp-content\/uploads\/2021\/11\/vila_lobos-300x240.jpg 300w, https:\/\/julianaburigo.com.br\/blog\/wp-content\/uploads\/2021\/11\/vila_lobos-768x614.jpg 768w\" sizes=\"auto, (max-width: 1000px) 100vw, 1000px\" \/><\/p>\n<p>&nbsp;<\/p>\n<h2><span style=\"font-weight: 400;\">8) Clara Schumann = padr\u00e3o I<\/span><\/h2>\n<p><img loading=\"lazy\" decoding=\"async\" class=\"aligncenter size-full wp-image-1664\" src=\"https:\/\/julianaburigo.com.br\/blog\/wp-content\/uploads\/2021\/11\/clara_schumann.jpg\" alt=\"\" width=\"1000\" height=\"800\" srcset=\"https:\/\/julianaburigo.com.br\/blog\/wp-content\/uploads\/2021\/11\/clara_schumann.jpg 1000w, https:\/\/julianaburigo.com.br\/blog\/wp-content\/uploads\/2021\/11\/clara_schumann-300x240.jpg 300w, https:\/\/julianaburigo.com.br\/blog\/wp-content\/uploads\/2021\/11\/clara_schumann-768x614.jpg 768w\" sizes=\"auto, (max-width: 1000px) 100vw, 1000px\" \/><\/p>\n<p>&nbsp;<\/p>\n<p>&nbsp;<\/p>\n<p><span style=\"font-weight: 400;\">\u00a0 \u00a0 <\/span><\/p>\n<p>&nbsp;<\/p>\n<p><span style=\"font-weight: 400;\">\u00a0 \u00a0 Voc\u00ea sabe qual o seu <\/span><strong>padr\u00e3o de face<\/strong><span style=\"font-weight: 400;\"> ou tem interesse em descobrir? Tem alguma caracter\u00edstica no seu padr\u00e3o de face que lhe incomoda, gerando dores musculares na regi\u00e3o da cabe\u00e7a e do pesco\u00e7o ou por motivos est\u00e9ticos?<\/span><\/p>\n<p><span style=\"font-weight: 400;\">\u00a0 \u00a0 Consulte um especialista em Cirurgia Bucomaxilofacial para o diagn\u00f3stico correto e para o estabelecimento do plano de tratamento MAIS indicado para o seu caso cl\u00ednico: <\/span><a href=\"http:\/\/www.julianaburigo.com.br\"><span style=\"font-weight: 400;\">www.julianaburigo.com.br<\/span><\/a><span style=\"font-weight: 400;\">\u00a0<\/span><\/p>\n<p>&nbsp;<\/p>\n","protected":false},"excerpt":{"rendered":"<p>&nbsp; \u00a0 \u00a0 O padr\u00e3o de face \u00e9 uma classifica\u00e7\u00e3o criada na odontologia para definir os tipos de face existentes, sendo eles:\u00a0 1) Face padr\u00e3o um (padr\u00e3o I); 2) Face padr\u00e3o dois (padr\u00e3o II); 3) Face padr\u00e3o tr\u00eas (padr\u00e3o III); 4) Face padr\u00e3o longa (face longa); 5) Face padr\u00e3o curta (face curta). &nbsp; \u00a0 \u00a0 [&hellip;]<\/p>\n","protected":false},"author":1,"featured_media":1666,"comment_status":"open","ping_status":"open","sticky":false,"template":"","format":"standard","meta":{"footnotes":""},"categories":[9],"tags":[325],"class_list":["post-1656","post","type-post","status-publish","format-standard","has-post-thumbnail","hentry","category-cirurgia-ortognatica","tag-padrao-de-face-padroes-de-face-tipos-de-face"],"_links":{"self":[{"href":"https:\/\/julianaburigo.com.br\/blog\/wp-json\/wp\/v2\/posts\/1656","targetHints":{"allow":["GET"]}}],"collection":[{"href":"https:\/\/julianaburigo.com.br\/blog\/wp-json\/wp\/v2\/posts"}],"about":[{"href":"https:\/\/julianaburigo.com.br\/blog\/wp-json\/wp\/v2\/types\/post"}],"author":[{"embeddable":true,"href":"https:\/\/julianaburigo.com.br\/blog\/wp-json\/wp\/v2\/users\/1"}],"replies":[{"embeddable":true,"href":"https:\/\/julianaburigo.com.br\/blog\/wp-json\/wp\/v2\/comments?post=1656"}],"version-history":[{"count":6,"href":"https:\/\/julianaburigo.com.br\/blog\/wp-json\/wp\/v2\/posts\/1656\/revisions"}],"predecessor-version":[{"id":1680,"href":"https:\/\/julianaburigo.com.br\/blog\/wp-json\/wp\/v2\/posts\/1656\/revisions\/1680"}],"wp:featuredmedia":[{"embeddable":true,"href":"https:\/\/julianaburigo.com.br\/blog\/wp-json\/wp\/v2\/media\/1666"}],"wp:attachment":[{"href":"https:\/\/julianaburigo.com.br\/blog\/wp-json\/wp\/v2\/media?parent=1656"}],"wp:term":[{"taxonomy":"category","embeddable":true,"href":"https:\/\/julianaburigo.com.br\/blog\/wp-json\/wp\/v2\/categories?post=1656"},{"taxonomy":"post_tag","embeddable":true,"href":"https:\/\/julianaburigo.com.br\/blog\/wp-json\/wp\/v2\/tags?post=1656"}],"curies":[{"name":"wp","href":"https:\/\/api.w.org\/{rel}","templated":true}]}}